{"id":17384,"date":"2025-02-03T14:26:01","date_gmt":"2025-02-03T13:26:01","guid":{"rendered":"https:\/\/www.hotelparragasiete.com\/?p=17384"},"modified":"2025-02-03T14:26:02","modified_gmt":"2025-02-03T13:26:02","slug":"sierra-nevada-3-2","status":"publish","type":"post","link":"https:\/\/www.hotelparragasiete.com\/fr\/sierra-nevada-3-2\/","title":{"rendered":"LES GOYA \u00c0 GRENADE"},"content":{"rendered":"\n<p>Le 8 f\u00e9vrier prochain, Grenade se met sur son 31 pour c\u00e9l\u00e9brer la 39e \u00e9dition des Goya Awards.<br>Prix Goya.<br>Pour c\u00e9l\u00e9brer l&#8217;\u00e9v\u00e9nement, la ville a mis en place diverses actions et activit\u00e9s telles que<br>l&#8217;installation de Goyas g\u00e9ants dans les rues de la ville, la projection des longs m\u00e9trages nomin\u00e9s dans les cat\u00e9gories Meilleur Nouveau R\u00e9alisateur et Meilleur Film Documentaire dans les cat\u00e9gories Meilleur R\u00e9alisateur et Meilleur Film Documentaire dans les cat\u00e9gories Meilleur R\u00e9alisateur et Meilleur Film Documentaire.<br>les cat\u00e9gories Meilleur Nouveau R\u00e9alisateur et Meilleur Film Documentaire au Th\u00e9\u00e2tre Isabel La Cat\u00f3lica, gratuitement.<br>Cat\u00f3lica, gratuitement et sur r\u00e9servation.<br>Il y aura \u00e9galement des r\u00e9unions ouvertes au public de cin\u00e9astes de Grenade \u00e0 l&#8217;Universit\u00e9 de Grenade, ainsi qu&#8217;un forum de discussion sur les films.<br>Universit\u00e9 de Grenade, ainsi qu&#8217;une rencontre exclusive avec Aitana S\u00e1nchez Gij\u00f3n , goya de<br>honor 2025, le 7 f\u00e9vrier au th\u00e9\u00e2tre Isabel la Cat\u00f3lica.<\/p>\n\n\n\n<figure class=\"wp-block-image size-large\"><img loading=\"lazy\" decoding=\"async\" width=\"1024\" height=\"763\" src=\"https:\/\/www.hotelparragasiete.com\/wp-content\/uploads\/2025\/02\/Captura-de-pantalla-2025-02-03-a-las-14.16.40-1024x763.png\" alt=\"\" class=\"wp-image-17385\" srcset=\"https:\/\/www.hotelparragasiete.com\/wp-content\/uploads\/2025\/02\/Captura-de-pantalla-2025-02-03-a-las-14.16.40-1024x763.png 1024w, https:\/\/www.hotelparragasiete.com\/wp-content\/uploads\/2025\/02\/Captura-de-pantalla-2025-02-03-a-las-14.16.40-300x223.png 300w, https:\/\/www.hotelparragasiete.com\/wp-content\/uploads\/2025\/02\/Captura-de-pantalla-2025-02-03-a-las-14.16.40-768x572.png 768w, https:\/\/www.hotelparragasiete.com\/wp-content\/uploads\/2025\/02\/Captura-de-pantalla-2025-02-03-a-las-14.16.40.png 1128w\" sizes=\"(max-width: 1024px) 100vw, 1024px\" \/><\/figure>\n\n\n\n<p><\/p>\n\n\n\n<p>Le tout accompagn\u00e9 de nombreuses autres activit\u00e9s \u00e9ducatives et sociales, comme le montre le calendrier.<br>le calendrier.<\/p>\n\n\n\n<div class=\"wp-block-buttons is-layout-flex wp-block-buttons-is-layout-flex\">\n<div class=\"wp-block-button\"><a class=\"wp-block-button__link wp-element-button\" href=\"https:\/\/www.premiosgoya.com\/39-edicion\/\">Calendrier des Goya Awards Granada 2025<\/a><\/div>\n<\/div>\n","protected":false},"excerpt":{"rendered":"<p>Le 8 f\u00e9vrier prochain, Grenade se met sur son 31 pour c\u00e9l\u00e9brer la 39e \u00e9dition des Goya Awards.Prix Goya.Pour c\u00e9l\u00e9brer l&#8217;\u00e9v\u00e9nement, la ville a mis en place diverses actions et&#8230;<\/p>\n","protected":false},"author":3,"featured_media":17391,"comment_status":"closed","ping_status":"open","sticky":false,"template":"","format":"standard","meta":{"footnotes":""},"categories":[133],"tags":[],"_links":{"self":[{"href":"https:\/\/www.hotelparragasiete.com\/fr\/wp-json\/wp\/v2\/posts\/17384"}],"collection":[{"href":"https:\/\/www.hotelparragasiete.com\/fr\/wp-json\/wp\/v2\/posts"}],"about":[{"href":"https:\/\/www.hotelparragasiete.com\/fr\/wp-json\/wp\/v2\/types\/post"}],"author":[{"embeddable":true,"href":"https:\/\/www.hotelparragasiete.com\/fr\/wp-json\/wp\/v2\/users\/3"}],"replies":[{"embeddable":true,"href":"https:\/\/www.hotelparragasiete.com\/fr\/wp-json\/wp\/v2\/comments?post=17384"}],"version-history":[{"count":2,"href":"https:\/\/www.hotelparragasiete.com\/fr\/wp-json\/wp\/v2\/posts\/17384\/revisions"}],"predecessor-version":[{"id":17396,"href":"https:\/\/www.hotelparragasiete.com\/fr\/wp-json\/wp\/v2\/posts\/17384\/revisions\/17396"}],"wp:featuredmedia":[{"embeddable":true,"href":"https:\/\/www.hotelparragasiete.com\/fr\/wp-json\/wp\/v2\/media\/17391"}],"wp:attachment":[{"href":"https:\/\/www.hotelparragasiete.com\/fr\/wp-json\/wp\/v2\/media?parent=17384"}],"wp:term":[{"taxonomy":"category","embeddable":true,"href":"https:\/\/www.hotelparragasiete.com\/fr\/wp-json\/wp\/v2\/categories?post=17384"},{"taxonomy":"post_tag","embeddable":true,"href":"https:\/\/www.hotelparragasiete.com\/fr\/wp-json\/wp\/v2\/tags?post=17384"}],"curies":[{"name":"wp","href":"https:\/\/api.w.org\/{rel}","templated":true}]}}